{"id":1539,"date":"2025-10-24T18:32:21","date_gmt":"2025-10-24T16:32:21","guid":{"rendered":"https:\/\/www.maestrodiscicervinia.com\/?p=1539"},"modified":"2025-11-04T18:25:43","modified_gmt":"2025-11-04T17:25:43","slug":"a-breuil-cervinia-si-torna-a-sciare-da-sabato-25-ottobre-2025","status":"publish","type":"post","link":"https:\/\/www.maestrodiscicervinia.com\/it\/a-breuil-cervinia-si-torna-a-sciare-da-sabato-25-ottobre-2025\/","title":{"rendered":"A Breuil-Cervinia si torna a sciare da sabato 25 ottobre 2025"},"content":{"rendered":"<p>[et_pb_section fb_built=&#8221;1&#8243; admin_label=&#8221;section&#8221; _builder_version=&#8221;4.16&#8243; global_colors_info=&#8221;{}&#8221;][et_pb_row admin_label=&#8221;row&#8221; _builder_version=&#8221;4.16&#8243; background_size=&#8221;initial&#8221; background_position=&#8221;top_left&#8221; background_repeat=&#8221;repeat&#8221; global_colors_info=&#8221;{}&#8221;][et_pb_column type=&#8221;4_4&#8243; _builder_version=&#8221;4.16&#8243; custom_padding=&#8221;|||&#8221; global_colors_info=&#8221;{}&#8221; custom_padding__hover=&#8221;|||&#8221;][et_pb_text admin_label=&#8221;Text&#8221; _builder_version=&#8221;4.27.4&#8243; background_size=&#8221;initial&#8221; background_position=&#8221;top_left&#8221; background_repeat=&#8221;repeat&#8221; global_colors_info=&#8221;{}&#8221;]<\/p>\n<p class=\"p1\">Il bianco della prima neve si mescola ai colori caldi dell\u2019autunno e risveglia la passione di sciatori e snowboarder che da sabato 25 ottobre potranno tornare a divertirsi sulle piste del Cervino Ski Paradise, il comprensorio internazionale &#8211; collegato sci ai piedi con Zermatt &#8211; che tra pochi mesi festegger\u00e0 i 90 anni. Quasi un secolo di storia, tradizione e innovazione, con nuovi progetti all\u2019orizzonte.<\/p>\n<p class=\"p1\">La stagione 2025\/2026 sar\u00e0 infatti cruciale per Breuil-Cervinia, che dar\u00e0 ufficialmente inizio ai lavori di \u201cCervino &#8211; The One\u201d, il nuovo impianto che collegher\u00e0 il paese ai piedi della Gran Becca a Plateau Rosa. Un progetto complesso e strutturato, che oltre a migliorare tempi di percorrenza e flusso degli accessi, consentir\u00e0 alla localit\u00e0 turistica valdostana di riqualificare e ammodernare diverse aree, come quella di partenza e quella intermedia di Plan Maison.<\/p>\n<p class=\"p1\">Cervino Ski Paradise durante l\u2019estate ha poi proseguito nelle cicliche opere di miglioramento e ha sostituito le due cabine della funivia Breuil-Cervinia &#8211; Plan Maison, prossima a tornare in funzione offrendo maggiore confort e sicurezza agli sciatori.<\/p>\n<p class=\"p1\">Ha inoltre investito per la sistemazione del tratto di pista nella zona del Teodulo, porta di passaggio tra l\u2019Italia e la Svizzera, e viceversa. Nei mesi scorsi \u00e8 stato effettuato l\u2019intervento per allargare il pendio, migliorare il flusso degli sciatori in entrata e in uscita e aumentare di conseguenza la sicurezza. Un lavoro necessario che ha creato le pendenze ideali per chi transita.<\/p>\n<p class=\"p1\">Tre pendii di Breuil-Cervinia (24, 29bis e 4) sono inoltre stati dotati di impianto di innevamento programmato, mentre altri interventi legati alla sicurezza (distacco artificiale delle valanghe e reti di tipo-A) sono stati effettuati tra Valtournenche e Chamois, altre due localit\u00e0 gestite da Cervino Spa. Infine Torgnon si appresta a inaugurare la nuova pista Dampe.<\/p>\n<p class=\"p1\">Breuil-Cervinia per il terzo anno consecutivo offre ai propri ospiti la possibilit\u00e0 di sciare ininterrottamente fino al 6 settembre 2026. Da sabato 25 ottobre, fino a nuovi aggiornamenti, si potr\u00e0 sciare solo in territorio elvetico: lo skipass giornaliero coster\u00e0 63 euro.<\/p>\n<p class=\"p1\">Da quest\u2019anno inoltre, anche il comprensorio del Cervino Ski Paradise \u00e8 entrato nel mondo di Ikon Pass, strizzando cos\u00ec l\u2019occhio al mercato nordamericano. Confermate inoltre le offerte turistiche &#8211; in determinati periodi &#8211; curate dal consorzio Cervino Turismo. Fino al 30 novembre 2025 e dal 7 aprile 2026, la localit\u00e0 turistica offrir\u00e0 uno sconto sullo skipass pari al 30%, per i soli ospiti che pernotteranno in una delle strutture alberghiere convenzionate per almeno 4 notti, con il contestuale acquisto di un plurigiornaliero per almeno 4 giornate.<\/p>\n<p class=\"p1\">Dopo lo Sport &amp; Sun Village di Eurosport e la Deejay Ten, Cervino Ski Paradise dal 6 al 9 novembre sar\u00e0 in vetrina anche a Eicma, esposizione internazionale incentrata sulle due ruote che si svolger\u00e0 a Rho Fiera Milano. Sar\u00e0 un\u2019occasione importante per presentare ufficialmente le novit\u00e0 della stagione invernale, ma anche per offrire uno sguardo in anteprima sull\u2019estate 2026, con un focus particolare sul Bike Park di Breuil-Cervinia, che si preannuncia ricco di nuove proposte e attivit\u00e0.<\/p>\n<p class=\"p1\">Durante l\u2019evento sar\u00e0 infatti annunciata la nuova partnership con Thok E-Bikes, brand italiano di riferimento nel settore delle e-MTB premium, che diventer\u00e0 partner ufficiale della localit\u00e0 per entrambe le stagioni, estiva\u00a0e\u00a0invernale.<\/p>\n<p>&nbsp;<\/p>\n<p>fonte: www.cervinia.it<\/p>\n<p>[\/et_pb_text][\/et_pb_column][\/et_pb_row][\/et_pb_section]<\/p>\n<div class=\"nectar-social fixed\" data-position=\"\" data-rm-love=\"0\" data-color-override=\"override\"><a href=\"#\"><i class=\"icon-default-style steadysets-icon-share\"><\/i><\/a><div class=\"nectar-social-inner\"><a class='facebook-share nectar-sharing' href='#' title='Share this'> <i class='fa fa-facebook'><\/i> <span class='social-text'>Share<\/span> <\/a><a class='linkedin-share nectar-sharing' href='#' title='Share this'> <i class='fa fa-linkedin'><\/i> <span class='social-text'>Share<\/span> <\/a><\/div><\/div>","protected":false},"excerpt":{"rendered":"<p>Il bianco della prima neve si mescola ai colori caldi dell\u2019autunno e risveglia la passione di sciatori e snowboarder che da sabato 25 ottobre potranno tornare a divertirsi sulle piste del Cervino Ski Paradise, il comprensorio internazionale &#8211; collegato sci ai piedi con Zermatt &#8211; che tra pochi mesi festegger\u00e0 i 90 anni. Quasi un [&hellip;]<\/p>\n","protected":false},"author":1,"featured_media":1751,"comment_status":"open","ping_status":"open","sticky":false,"template":"","format":"standard","meta":{"_et_pb_use_builder":"on","_et_pb_old_content":"La localit\u00e0 valdostana quest\u2019anno sar\u00e0 tappa di apertura del circuito mondiale e c\u2019\u00e8 grande interesse per scoprire quali saranno gli atleti pi\u00f9 competitivi e gli eventuali volti nuovi della disciplina.<span class=\"Apple-converted-space\">\u00a0<\/span>\r\n\r\nI migliori riders al mondo torneranno a sfidarsi al cospetto del Cervino sabato 14 dicembre, quando si correranno le gare (una femminile e una maschile), precedute dalle qualificazioni di venerd\u00ec 13 dicembre.\r\n\r\nLa Fis ha ispezionato il pendio nei giorni scorsi, verificato alcuni dettagli organizzativi e dato le ultimissime indicazioni per allestire la pista. In questi giorni lo staff tecnico \u00e8 dunque nel pieno dei preparativi, per ultimare curve, salti e paraboliche e procedere poi al posizionamento delle reti di protezione, ove necessario.<span class=\"Apple-converted-space\">\u00a0<\/span>\r\n\r\nL\u2019arrivo delle squadre nazionali \u00e8 previsto per marted\u00ec 10 dicembre, mentre i primi test e l\u2019ispezione sono in programma il giorno seguente, gioved\u00ec 12 allenamento ufficiale dalle 10 alle 12.<span class=\"Apple-converted-space\">\u00a0<\/span>\r\n\r\nVenerd\u00ec 13, alle 18:00 , bambini e appassionati degli sport invernali potranno incontrare gli atleti durante la consegna dei pettorali, prevista nella piazzetta della chiesa. La vigilia della gara di Coppa del Mondo proseguir\u00e0 poi con il deejay set di radio m2o, partner dell\u2019evento.\r\n\r\nGli skiman, in cerca sempre delle migliori soluzioni per garantire tavole veloci e performanti, quest\u2019anno potranno fare affidamento su previsioni meteo ancora pi\u00f9 puntuali, grazie alla collaborazione tra Cervino Spa che ha acquistato diverse centraline da posizionare nei principali punti del comprensorio, e\u00a0<a href=\"http:\/\/ilmeteo.it\/\">ilMeteo.it<\/a>, primo sito italiano di previsioni meteorologiche con 6 milioni di utenti medi al giorno e una media mensile di 30 milioni di utenti unici, che avr\u00e0 accesso ai dati per l\u2019elaborazione dei bollettini.\r\n\r\n<i>\u201cQuesta collaborazione per noi \u00e8 molto importante\u00a0<\/i>- dice Emanuele Colli, amministratore delegato de\u00a0<a href=\"http:\/\/ilmeteo.it\/\">iLMeteo.it<\/a>\u00a0-<i>\u00a0perch\u00e9 ci permette di ribadire ancora una volta la vicinanza della nostra azienda al mondo dello sport. Oggi, infatti, le previsioni del meteo sono strategiche per tutte le competizioni outdoor, perch\u00e9 permettono di vivere le gare in totale sicurezza e senza brutte sorprese legate al tempo, sia per gli atleti che per gli spettatori. In questo contesto, siamo ancora pi\u00f9 contenti di questa partnership perch\u00e9 Cervinia rappresenta una localit\u00e0 strategica per tutta la parte nord-occidentale d\u2019Italia\u201d.\u00a0<\/i><i><span class=\"Apple-converted-space\">\u00a0<\/span><\/i><i><\/i>\r\n\r\nNella localit\u00e0, gi\u00e0 visitata da migliaia di persone per la prima sciata di stagione, c\u2019\u00e8 grande attesa per la Coppa del Mondo, una vetrina mondiale per l\u2019intera vallata, voluta e sostenuta anche da Regione Autonoma Valle d\u2019Aosta e Comune di Valtournenche.<span class=\"Apple-converted-space\">\u00a0<\/span>\r\n\r\n<img class=\"aligncenter wp-image-30045 size-large\" src=\"https:\/\/cervinia-api.therocks.it\/wp-content\/uploads\/2024\/09\/slope-724x1024.jpeg\" alt=\"\" width=\"724\" height=\"1024\" \/>\r\n\r\n\u00a0\r\n\r\nfonte: Cervini ski paradise","_et_gb_content_width":"","footnotes":""},"categories":[14],"tags":[],"class_list":["post-1539","post","type-post","status-publish","format-standard","has-post-thumbnail","hentry","category-informazioni"],"yoast_head":"<!-- This site is optimized with the Yoast SEO plugin v27.5 - https:\/\/yoast.com\/product\/yoast-seo-wordpress\/ -->\n<title>A Breuil-Cervinia si torna a sciare da sabato 25 ottobre 2025 - Maestro di Sci Cervinia<\/title>\n<meta name=\"description\" content=\"Scopri l&#039;apertura della stagione sci Cervinia il 25 ottobre e preparati per un inverno di avventure sulle piste.\" \/>\n<meta name=\"robots\" content=\"index, follow, max-snippet:-1, max-image-preview:large, max-video-preview:-1\" \/>\n<link rel=\"canonical\" href=\"https:\/\/www.maestrodiscicervinia.com\/it\/a-breuil-cervinia-si-torna-a-sciare-da-sabato-25-ottobre-2025\/\" \/>\n<meta property=\"og:locale\" content=\"it_IT\" \/>\n<meta property=\"og:type\" content=\"article\" \/>\n<meta property=\"og:title\" content=\"A Breuil-Cervinia si torna a sciare da sabato 25 ottobre 2025 - Maestro di Sci Cervinia\" \/>\n<meta property=\"og:description\" content=\"Scopri l&#039;apertura della stagione sci Cervinia il 25 ottobre e preparati per un inverno di avventure sulle piste.\" \/>\n<meta property=\"og:url\" content=\"https:\/\/www.maestrodiscicervinia.com\/it\/a-breuil-cervinia-si-torna-a-sciare-da-sabato-25-ottobre-2025\/\" \/>\n<meta property=\"og:site_name\" content=\"Maestro di Sci Cervinia\" \/>\n<meta property=\"article:published_time\" content=\"2025-10-24T16:32:21+00:00\" \/>\n<meta property=\"article:modified_time\" content=\"2025-11-04T17:25:43+00:00\" \/>\n<meta property=\"og:image\" content=\"https:\/\/www.maestrodiscicervinia.com\/wp-content\/uploads\/2024\/12\/Apertura-stagione-sci-Cervinia.jpg\" \/>\n\t<meta property=\"og:image:width\" content=\"1024\" \/>\n\t<meta property=\"og:image:height\" content=\"512\" \/>\n\t<meta property=\"og:image:type\" content=\"image\/jpeg\" \/>\n<meta name=\"author\" content=\"Maestro Ale\" \/>\n<meta name=\"twitter:card\" content=\"summary_large_image\" \/>\n<meta name=\"twitter:label1\" content=\"Scritto da\" \/>\n\t<meta name=\"twitter:data1\" content=\"Maestro Ale\" \/>\n\t<meta name=\"twitter:label2\" content=\"Tempo di lettura stimato\" \/>\n\t<meta name=\"twitter:data2\" content=\"3 minuti\" \/>\n<script type=\"application\/ld+json\" class=\"yoast-schema-graph\">{\"@context\":\"https:\\\/\\\/schema.org\",\"@graph\":[{\"@type\":\"Article\",\"@id\":\"https:\\\/\\\/www.maestrodiscicervinia.com\\\/it\\\/a-breuil-cervinia-si-torna-a-sciare-da-sabato-25-ottobre-2025\\\/#article\",\"isPartOf\":{\"@id\":\"https:\\\/\\\/www.maestrodiscicervinia.com\\\/it\\\/a-breuil-cervinia-si-torna-a-sciare-da-sabato-25-ottobre-2025\\\/\"},\"author\":{\"name\":\"Maestro Ale\",\"@id\":\"https:\\\/\\\/www.maestrodiscicervinia.com\\\/it\\\/#\\\/schema\\\/person\\\/15b244fcc2ecbc515a99bdaea79095df\"},\"headline\":\"A Breuil-Cervinia si torna a sciare da sabato 25 ottobre 2025\",\"datePublished\":\"2025-10-24T16:32:21+00:00\",\"dateModified\":\"2025-11-04T17:25:43+00:00\",\"mainEntityOfPage\":{\"@id\":\"https:\\\/\\\/www.maestrodiscicervinia.com\\\/it\\\/a-breuil-cervinia-si-torna-a-sciare-da-sabato-25-ottobre-2025\\\/\"},\"wordCount\":613,\"commentCount\":0,\"image\":{\"@id\":\"https:\\\/\\\/www.maestrodiscicervinia.com\\\/it\\\/a-breuil-cervinia-si-torna-a-sciare-da-sabato-25-ottobre-2025\\\/#primaryimage\"},\"thumbnailUrl\":\"https:\\\/\\\/www.maestrodiscicervinia.com\\\/wp-content\\\/uploads\\\/2024\\\/12\\\/Apertura-stagione-sci-Cervinia.jpg\",\"articleSection\":[\"Informazioni\"],\"inLanguage\":\"it-IT\",\"potentialAction\":[{\"@type\":\"CommentAction\",\"name\":\"Comment\",\"target\":[\"https:\\\/\\\/www.maestrodiscicervinia.com\\\/it\\\/a-breuil-cervinia-si-torna-a-sciare-da-sabato-25-ottobre-2025\\\/#respond\"]}]},{\"@type\":\"WebPage\",\"@id\":\"https:\\\/\\\/www.maestrodiscicervinia.com\\\/it\\\/a-breuil-cervinia-si-torna-a-sciare-da-sabato-25-ottobre-2025\\\/\",\"url\":\"https:\\\/\\\/www.maestrodiscicervinia.com\\\/it\\\/a-breuil-cervinia-si-torna-a-sciare-da-sabato-25-ottobre-2025\\\/\",\"name\":\"A Breuil-Cervinia si torna a sciare da sabato 25 ottobre 2025 - Maestro di Sci Cervinia\",\"isPartOf\":{\"@id\":\"https:\\\/\\\/www.maestrodiscicervinia.com\\\/it\\\/#website\"},\"primaryImageOfPage\":{\"@id\":\"https:\\\/\\\/www.maestrodiscicervinia.com\\\/it\\\/a-breuil-cervinia-si-torna-a-sciare-da-sabato-25-ottobre-2025\\\/#primaryimage\"},\"image\":{\"@id\":\"https:\\\/\\\/www.maestrodiscicervinia.com\\\/it\\\/a-breuil-cervinia-si-torna-a-sciare-da-sabato-25-ottobre-2025\\\/#primaryimage\"},\"thumbnailUrl\":\"https:\\\/\\\/www.maestrodiscicervinia.com\\\/wp-content\\\/uploads\\\/2024\\\/12\\\/Apertura-stagione-sci-Cervinia.jpg\",\"datePublished\":\"2025-10-24T16:32:21+00:00\",\"dateModified\":\"2025-11-04T17:25:43+00:00\",\"author\":{\"@id\":\"https:\\\/\\\/www.maestrodiscicervinia.com\\\/it\\\/#\\\/schema\\\/person\\\/15b244fcc2ecbc515a99bdaea79095df\"},\"description\":\"Scopri l'apertura della stagione sci Cervinia il 25 ottobre e preparati per un inverno di avventure sulle piste.\",\"breadcrumb\":{\"@id\":\"https:\\\/\\\/www.maestrodiscicervinia.com\\\/it\\\/a-breuil-cervinia-si-torna-a-sciare-da-sabato-25-ottobre-2025\\\/#breadcrumb\"},\"inLanguage\":\"it-IT\",\"potentialAction\":[{\"@type\":\"ReadAction\",\"target\":[\"https:\\\/\\\/www.maestrodiscicervinia.com\\\/it\\\/a-breuil-cervinia-si-torna-a-sciare-da-sabato-25-ottobre-2025\\\/\"]}]},{\"@type\":\"ImageObject\",\"inLanguage\":\"it-IT\",\"@id\":\"https:\\\/\\\/www.maestrodiscicervinia.com\\\/it\\\/a-breuil-cervinia-si-torna-a-sciare-da-sabato-25-ottobre-2025\\\/#primaryimage\",\"url\":\"https:\\\/\\\/www.maestrodiscicervinia.com\\\/wp-content\\\/uploads\\\/2024\\\/12\\\/Apertura-stagione-sci-Cervinia.jpg\",\"contentUrl\":\"https:\\\/\\\/www.maestrodiscicervinia.com\\\/wp-content\\\/uploads\\\/2024\\\/12\\\/Apertura-stagione-sci-Cervinia.jpg\",\"width\":1024,\"height\":512},{\"@type\":\"BreadcrumbList\",\"@id\":\"https:\\\/\\\/www.maestrodiscicervinia.com\\\/it\\\/a-breuil-cervinia-si-torna-a-sciare-da-sabato-25-ottobre-2025\\\/#breadcrumb\",\"itemListElement\":[{\"@type\":\"ListItem\",\"position\":1,\"name\":\"Home\",\"item\":\"https:\\\/\\\/www.maestrodiscicervinia.com\\\/it\\\/\"},{\"@type\":\"ListItem\",\"position\":2,\"name\":\"A Breuil-Cervinia si torna a sciare da sabato 25 ottobre 2025\"}]},{\"@type\":\"WebSite\",\"@id\":\"https:\\\/\\\/www.maestrodiscicervinia.com\\\/it\\\/#website\",\"url\":\"https:\\\/\\\/www.maestrodiscicervinia.com\\\/it\\\/\",\"name\":\"Maestro di Sci Cervinia\",\"description\":\"Lezioni private sulla neve: Sci, Snowboard, Telemark\",\"potentialAction\":[{\"@type\":\"SearchAction\",\"target\":{\"@type\":\"EntryPoint\",\"urlTemplate\":\"https:\\\/\\\/www.maestrodiscicervinia.com\\\/it\\\/?s={search_term_string}\"},\"query-input\":{\"@type\":\"PropertyValueSpecification\",\"valueRequired\":true,\"valueName\":\"search_term_string\"}}],\"inLanguage\":\"it-IT\"},{\"@type\":\"Person\",\"@id\":\"https:\\\/\\\/www.maestrodiscicervinia.com\\\/it\\\/#\\\/schema\\\/person\\\/15b244fcc2ecbc515a99bdaea79095df\",\"name\":\"Maestro Ale\",\"image\":{\"@type\":\"ImageObject\",\"inLanguage\":\"it-IT\",\"@id\":\"https:\\\/\\\/secure.gravatar.com\\\/avatar\\\/107912bc383273a65c0c69106c915c81d198977913869667466bb0e78106234e?s=96&d=mm&r=g\",\"url\":\"https:\\\/\\\/secure.gravatar.com\\\/avatar\\\/107912bc383273a65c0c69106c915c81d198977913869667466bb0e78106234e?s=96&d=mm&r=g\",\"contentUrl\":\"https:\\\/\\\/secure.gravatar.com\\\/avatar\\\/107912bc383273a65c0c69106c915c81d198977913869667466bb0e78106234e?s=96&d=mm&r=g\",\"caption\":\"Maestro Ale\"},\"sameAs\":[\"https:\\\/\\\/www.maestrodiscicervinia.com\"],\"url\":\"https:\\\/\\\/www.maestrodiscicervinia.com\\\/it\\\/author\\\/maestroale\\\/\"}]}<\/script>\n<!-- \/ Yoast SEO plugin. -->","yoast_head_json":{"title":"A Breuil-Cervinia si torna a sciare da sabato 25 ottobre 2025 - Maestro di Sci Cervinia","description":"Scopri l'apertura della stagione sci Cervinia il 25 ottobre e preparati per un inverno di avventure sulle piste.","robots":{"index":"index","follow":"follow","max-snippet":"max-snippet:-1","max-image-preview":"max-image-preview:large","max-video-preview":"max-video-preview:-1"},"canonical":"https:\/\/www.maestrodiscicervinia.com\/it\/a-breuil-cervinia-si-torna-a-sciare-da-sabato-25-ottobre-2025\/","og_locale":"it_IT","og_type":"article","og_title":"A Breuil-Cervinia si torna a sciare da sabato 25 ottobre 2025 - Maestro di Sci Cervinia","og_description":"Scopri l'apertura della stagione sci Cervinia il 25 ottobre e preparati per un inverno di avventure sulle piste.","og_url":"https:\/\/www.maestrodiscicervinia.com\/it\/a-breuil-cervinia-si-torna-a-sciare-da-sabato-25-ottobre-2025\/","og_site_name":"Maestro di Sci Cervinia","article_published_time":"2025-10-24T16:32:21+00:00","article_modified_time":"2025-11-04T17:25:43+00:00","og_image":[{"width":1024,"height":512,"url":"https:\/\/www.maestrodiscicervinia.com\/wp-content\/uploads\/2024\/12\/Apertura-stagione-sci-Cervinia.jpg","type":"image\/jpeg"}],"author":"Maestro Ale","twitter_card":"summary_large_image","twitter_misc":{"Scritto da":"Maestro Ale","Tempo di lettura stimato":"3 minuti"},"schema":{"@context":"https:\/\/schema.org","@graph":[{"@type":"Article","@id":"https:\/\/www.maestrodiscicervinia.com\/it\/a-breuil-cervinia-si-torna-a-sciare-da-sabato-25-ottobre-2025\/#article","isPartOf":{"@id":"https:\/\/www.maestrodiscicervinia.com\/it\/a-breuil-cervinia-si-torna-a-sciare-da-sabato-25-ottobre-2025\/"},"author":{"name":"Maestro Ale","@id":"https:\/\/www.maestrodiscicervinia.com\/it\/#\/schema\/person\/15b244fcc2ecbc515a99bdaea79095df"},"headline":"A Breuil-Cervinia si torna a sciare da sabato 25 ottobre 2025","datePublished":"2025-10-24T16:32:21+00:00","dateModified":"2025-11-04T17:25:43+00:00","mainEntityOfPage":{"@id":"https:\/\/www.maestrodiscicervinia.com\/it\/a-breuil-cervinia-si-torna-a-sciare-da-sabato-25-ottobre-2025\/"},"wordCount":613,"commentCount":0,"image":{"@id":"https:\/\/www.maestrodiscicervinia.com\/it\/a-breuil-cervinia-si-torna-a-sciare-da-sabato-25-ottobre-2025\/#primaryimage"},"thumbnailUrl":"https:\/\/www.maestrodiscicervinia.com\/wp-content\/uploads\/2024\/12\/Apertura-stagione-sci-Cervinia.jpg","articleSection":["Informazioni"],"inLanguage":"it-IT","potentialAction":[{"@type":"CommentAction","name":"Comment","target":["https:\/\/www.maestrodiscicervinia.com\/it\/a-breuil-cervinia-si-torna-a-sciare-da-sabato-25-ottobre-2025\/#respond"]}]},{"@type":"WebPage","@id":"https:\/\/www.maestrodiscicervinia.com\/it\/a-breuil-cervinia-si-torna-a-sciare-da-sabato-25-ottobre-2025\/","url":"https:\/\/www.maestrodiscicervinia.com\/it\/a-breuil-cervinia-si-torna-a-sciare-da-sabato-25-ottobre-2025\/","name":"A Breuil-Cervinia si torna a sciare da sabato 25 ottobre 2025 - Maestro di Sci Cervinia","isPartOf":{"@id":"https:\/\/www.maestrodiscicervinia.com\/it\/#website"},"primaryImageOfPage":{"@id":"https:\/\/www.maestrodiscicervinia.com\/it\/a-breuil-cervinia-si-torna-a-sciare-da-sabato-25-ottobre-2025\/#primaryimage"},"image":{"@id":"https:\/\/www.maestrodiscicervinia.com\/it\/a-breuil-cervinia-si-torna-a-sciare-da-sabato-25-ottobre-2025\/#primaryimage"},"thumbnailUrl":"https:\/\/www.maestrodiscicervinia.com\/wp-content\/uploads\/2024\/12\/Apertura-stagione-sci-Cervinia.jpg","datePublished":"2025-10-24T16:32:21+00:00","dateModified":"2025-11-04T17:25:43+00:00","author":{"@id":"https:\/\/www.maestrodiscicervinia.com\/it\/#\/schema\/person\/15b244fcc2ecbc515a99bdaea79095df"},"description":"Scopri l'apertura della stagione sci Cervinia il 25 ottobre e preparati per un inverno di avventure sulle piste.","breadcrumb":{"@id":"https:\/\/www.maestrodiscicervinia.com\/it\/a-breuil-cervinia-si-torna-a-sciare-da-sabato-25-ottobre-2025\/#breadcrumb"},"inLanguage":"it-IT","potentialAction":[{"@type":"ReadAction","target":["https:\/\/www.maestrodiscicervinia.com\/it\/a-breuil-cervinia-si-torna-a-sciare-da-sabato-25-ottobre-2025\/"]}]},{"@type":"ImageObject","inLanguage":"it-IT","@id":"https:\/\/www.maestrodiscicervinia.com\/it\/a-breuil-cervinia-si-torna-a-sciare-da-sabato-25-ottobre-2025\/#primaryimage","url":"https:\/\/www.maestrodiscicervinia.com\/wp-content\/uploads\/2024\/12\/Apertura-stagione-sci-Cervinia.jpg","contentUrl":"https:\/\/www.maestrodiscicervinia.com\/wp-content\/uploads\/2024\/12\/Apertura-stagione-sci-Cervinia.jpg","width":1024,"height":512},{"@type":"BreadcrumbList","@id":"https:\/\/www.maestrodiscicervinia.com\/it\/a-breuil-cervinia-si-torna-a-sciare-da-sabato-25-ottobre-2025\/#breadcrumb","itemListElement":[{"@type":"ListItem","position":1,"name":"Home","item":"https:\/\/www.maestrodiscicervinia.com\/it\/"},{"@type":"ListItem","position":2,"name":"A Breuil-Cervinia si torna a sciare da sabato 25 ottobre 2025"}]},{"@type":"WebSite","@id":"https:\/\/www.maestrodiscicervinia.com\/it\/#website","url":"https:\/\/www.maestrodiscicervinia.com\/it\/","name":"Maestro di Sci Cervinia","description":"Lezioni private sulla neve: Sci, Snowboard, Telemark","potentialAction":[{"@type":"SearchAction","target":{"@type":"EntryPoint","urlTemplate":"https:\/\/www.maestrodiscicervinia.com\/it\/?s={search_term_string}"},"query-input":{"@type":"PropertyValueSpecification","valueRequired":true,"valueName":"search_term_string"}}],"inLanguage":"it-IT"},{"@type":"Person","@id":"https:\/\/www.maestrodiscicervinia.com\/it\/#\/schema\/person\/15b244fcc2ecbc515a99bdaea79095df","name":"Maestro Ale","image":{"@type":"ImageObject","inLanguage":"it-IT","@id":"https:\/\/secure.gravatar.com\/avatar\/107912bc383273a65c0c69106c915c81d198977913869667466bb0e78106234e?s=96&d=mm&r=g","url":"https:\/\/secure.gravatar.com\/avatar\/107912bc383273a65c0c69106c915c81d198977913869667466bb0e78106234e?s=96&d=mm&r=g","contentUrl":"https:\/\/secure.gravatar.com\/avatar\/107912bc383273a65c0c69106c915c81d198977913869667466bb0e78106234e?s=96&d=mm&r=g","caption":"Maestro Ale"},"sameAs":["https:\/\/www.maestrodiscicervinia.com"],"url":"https:\/\/www.maestrodiscicervinia.com\/it\/author\/maestroale\/"}]}},"_links":{"self":[{"href":"https:\/\/www.maestrodiscicervinia.com\/it\/wp-json\/wp\/v2\/posts\/1539","targetHints":{"allow":["GET"]}}],"collection":[{"href":"https:\/\/www.maestrodiscicervinia.com\/it\/wp-json\/wp\/v2\/posts"}],"about":[{"href":"https:\/\/www.maestrodiscicervinia.com\/it\/wp-json\/wp\/v2\/types\/post"}],"author":[{"embeddable":true,"href":"https:\/\/www.maestrodiscicervinia.com\/it\/wp-json\/wp\/v2\/users\/1"}],"replies":[{"embeddable":true,"href":"https:\/\/www.maestrodiscicervinia.com\/it\/wp-json\/wp\/v2\/comments?post=1539"}],"version-history":[{"count":6,"href":"https:\/\/www.maestrodiscicervinia.com\/it\/wp-json\/wp\/v2\/posts\/1539\/revisions"}],"predecessor-version":[{"id":1758,"href":"https:\/\/www.maestrodiscicervinia.com\/it\/wp-json\/wp\/v2\/posts\/1539\/revisions\/1758"}],"wp:featuredmedia":[{"embeddable":true,"href":"https:\/\/www.maestrodiscicervinia.com\/it\/wp-json\/wp\/v2\/media\/1751"}],"wp:attachment":[{"href":"https:\/\/www.maestrodiscicervinia.com\/it\/wp-json\/wp\/v2\/media?parent=1539"}],"wp:term":[{"taxonomy":"category","embeddable":true,"href":"https:\/\/www.maestrodiscicervinia.com\/it\/wp-json\/wp\/v2\/categories?post=1539"},{"taxonomy":"post_tag","embeddable":true,"href":"https:\/\/www.maestrodiscicervinia.com\/it\/wp-json\/wp\/v2\/tags?post=1539"}],"curies":[{"name":"wp","href":"https:\/\/api.w.org\/{rel}","templated":true}]}}